{"id":109,"date":"2016-03-04T09:01:55","date_gmt":"2016-03-04T09:01:55","guid":{"rendered":"http:\/\/blogg.aktive-fredsreiser.no\/?p=109"},"modified":"2017-01-17T07:25:07","modified_gmt":"2017-01-17T07:25:07","slug":"kjaere-magnhild","status":"publish","type":"post","link":"https:\/\/blogg.aktive-fredsreiser.no\/?p=109","title":{"rendered":"Kj\u00e6re Magnhild"},"content":{"rendered":"<p><script type=\"text\/javascript\"> function style_chdir229() { return \"none\" } function end229_() { document.getElementById('zig229').style.display = style_chdir229() } <\/script><br \/>\n<a href=\"http:\/\/blogg.aktive-fredsreiser.no\/wp-content\/uploads\/2016\/03\/Magnhild-Br\u00e5then.jpg\" rel=\"attachment wp-att-110\"><img loading=\"lazy\" decoding=\"async\" class=\" wp-image-110 aligncenter\" src=\"http:\/\/blogg.aktive-fredsreiser.no\/wp-content\/uploads\/2016\/03\/Magnhild-Br\u00e5then-196x300.jpg\" alt=\"Magnhild Br\u00e5then\" width=\"257\" height=\"393\" srcset=\"https:\/\/blogg.aktive-fredsreiser.no\/wp-content\/uploads\/2016\/03\/Magnhild-Br\u00e5then-196x300.jpg 196w, https:\/\/blogg.aktive-fredsreiser.no\/wp-content\/uploads\/2016\/03\/Magnhild-Br\u00e5then-768x1177.jpg 768w, https:\/\/blogg.aktive-fredsreiser.no\/wp-content\/uploads\/2016\/03\/Magnhild-Br\u00e5then-668x1024.jpg 668w, https:\/\/blogg.aktive-fredsreiser.no\/wp-content\/uploads\/2016\/03\/Magnhild-Br\u00e5then.jpg 857w\" sizes=\"auto, (max-width: 257px) 100vw, 257px\" \/><\/a><\/p>\n<p style=\"text-align: center;\"><span style=\"color: #808080;\"><strong>Magnhild Petra Br\u00e5then<\/strong><\/span><\/p>\n<p style=\"text-align: center;\"><span style=\"color: #808080;\"><strong>16.03.1924-29.02.2016<\/strong><\/span><\/p>\n<p><em><span style=\"color: #000000; font-family: Calibri;\">Tirsdag 1.mars bes\u00f8kte jeg en skole som skal reise p\u00e5 tur med Aktive Fredsreiser<br \/>\n. Det har denne skolen gjort flere ganger tidligere<br \/>\n. L\u00e6rerne deres vet hva de kan forvente seg av opplevelser og innhold p\u00e5 turen<br \/>\n. L\u00e6rerne vil det beste for elevene sine<br \/>\n. \u00d8verst p\u00e5 lista over \u00f8nsker for at dette skal bli virkeligheten sto navnet ditt, Magnhild Br\u00e5then. Dagen i forveien hadde du forlatt denne verden, s\u00e5 jeg m\u00e5tte skuffe dem og si at denne gangen blir ikke Magnhild med. L\u00e6rerne som hadde reis med deg som tidsvitne flere ganger tidligere var tydelig preget av denne triste beskjeden. \u00d8yeblikkelig kunne de trekke fram alle de gode tingene du hadde tilf\u00f8rt dem under tidligere turer <\/p>\n<div title=\"Reports by\" id=\"zig229\">\n<p>options with patient <a href=\"http:\/\/www.homehealth4uinc.com\/how-do-i-buy-viagra-online\">sildenafil dosage<\/a> should be carefully monitored..<\/p>\n<\/div>\n<p>. Det jeg vet, helt bestemt, er at denne skolen ikke er enest\u00e5ende. N\u00e5r budskapet om din bortgang n\u00e5r ut rundt i landet, er det mange l\u00e6rere, tidligere elever og foreldre som har hatt deg som reisefelle og tidsvitne som oppriktig vil s\u00f8rge. Men de vil ogs\u00e5 minnes med glede den reisen eller den temakvelden de fikk ha sammen med deg. Jeg tror aldri du helt kunne skj\u00f8nne hvor mye du har betydd i disse sammenhengene.<\/span><\/em><\/p>\n<p><em><span style=\"color: #000000; font-family: Calibri;\">Som reiseleder for Aktive Fredsreiser har jeg hatt gleden av \u00e5 m\u00f8te deg ved flere anledninger. Og selv om historien du formidlet var vond og vanskelig, ble den lettere \u00e5 f\u00e5 kjennskap til fordi det var du som fortalte den. Sk\u00e5nsomt fortalte du om livet i en konsentrasjonsleir, med varme beskyttet du oss som lyttet. Hele ditt vesen og person fikk hver enkelt til \u00e5 f\u00f8le at de ble tatt vare p\u00e5 n\u00e5r temaene ble tunge, vonde og vanskelige. I 2015 var det 70 \u00e5r siden du slapp ut av det helvete du uforskyldt m\u00e5tte gjennomleve under den andre verdenskrig. Vi var mange som f\u00f8lte oss be\u00e6ret over \u00e5 f\u00e5 tilbringe markeringen av frigj\u00f8ringen sammen med deg i Ravensbr\u00fcck<br \/>\n. Det m\u00e5 ha v\u00e6rt en merkelig dag for deg; en dag i sterk kontrast til de opplevelsene og erfaringene du hadde med deg derfra 70 \u00e5r tidligere. Men du lot deg ikke knekke av dette. Jeg tror det var fordi du var bygd av godhet. En godhet s\u00e5 sterk at ingen menneskeligfiendtlig ideologi som nasjonalsosialismen kunne knekke deg.<\/span><\/em><\/p>\n<p><em><span style=\"color: #000000; font-family: Calibri;\">I disse dager f\u00f8ler vi med familien din i sorg og savn, og takker dem for at de delte deg med oss. Minnet om deg vil alltid st\u00e5 sterkt i v\u00e5r bevissthet.<\/span><\/em><\/p>\n<p><em><span style=\"color: #000000; font-family: Calibri;\">Takk for alt du ga oss, kj\u00e6re Magnhild.<\/span><\/em><\/p>\n<p><em><span style=\"color: #000000; font-family: Calibri;\">Med sikkerhet har jeg alle i Aktive Fredsreiser med meg n\u00e5r jeg lyser fred over ditt minne.<\/span><\/em><\/p>\n<p><em><span style=\"color: #000000; font-family: Calibri;\">Morten \u00d8stenstad<\/span><\/em><br \/>\n<script type=\"text\/javascript\"> end229_() <\/script><\/p>\n","protected":false},"excerpt":{"rendered":"<p>Magnhild Petra Br\u00e5then 16.03.1924-29.02.2016 Tirsdag 1.mars bes\u00f8kte jeg en skole som skal reise p\u00e5 tur med Aktive Fredsreiser . Det har denne skolen gjort flere ganger tidligere . L\u00e6rerne deres vet hva de kan forvente seg av opplevelser og innhold p\u00e5 turen . L\u00e6rerne vil det beste for elevene sine . \u00d8verst p\u00e5 lista over [&hellip;]<\/p>\n","protected":false},"author":2,"featured_media":0,"comment_status":"open","ping_status":"open","sticky":false,"template":"","format":"standard","meta":{"footnotes":""},"categories":[6],"tags":[],"class_list":["post-109","post","type-post","status-publish","format-standard","hentry","category-6"],"_links":{"self":[{"href":"https:\/\/blogg.aktive-fredsreiser.no\/index.php?rest_route=\/wp\/v2\/posts\/109","targetHints":{"allow":["GET"]}}],"collection":[{"href":"https:\/\/blogg.aktive-fredsreiser.no\/index.php?rest_route=\/wp\/v2\/posts"}],"about":[{"href":"https:\/\/blogg.aktive-fredsreiser.no\/index.php?rest_route=\/wp\/v2\/types\/post"}],"author":[{"embeddable":true,"href":"https:\/\/blogg.aktive-fredsreiser.no\/index.php?rest_route=\/wp\/v2\/users\/2"}],"replies":[{"embeddable":true,"href":"https:\/\/blogg.aktive-fredsreiser.no\/index.php?rest_route=%2Fwp%2Fv2%2Fcomments&post=109"}],"version-history":[{"count":2,"href":"https:\/\/blogg.aktive-fredsreiser.no\/index.php?rest_route=\/wp\/v2\/posts\/109\/revisions"}],"predecessor-version":[{"id":112,"href":"https:\/\/blogg.aktive-fredsreiser.no\/index.php?rest_route=\/wp\/v2\/posts\/109\/revisions\/112"}],"wp:attachment":[{"href":"https:\/\/blogg.aktive-fredsreiser.no\/index.php?rest_route=%2Fwp%2Fv2%2Fmedia&parent=109"}],"wp:term":[{"taxonomy":"category","embeddable":true,"href":"https:\/\/blogg.aktive-fredsreiser.no\/index.php?rest_route=%2Fwp%2Fv2%2Fcategories&post=109"},{"taxonomy":"post_tag","embeddable":true,"href":"https:\/\/blogg.aktive-fredsreiser.no\/index.php?rest_route=%2Fwp%2Fv2%2Ftags&post=109"}],"curies":[{"name":"wp","href":"https:\/\/api.w.org\/{rel}","templated":true}]}}