{"id":45,"date":"2015-04-16T10:36:05","date_gmt":"2015-04-16T10:36:05","guid":{"rendered":"http:\/\/blogg.aktive-fredsreiser.no\/?p=45"},"modified":"2015-04-17T05:57:47","modified_gmt":"2015-04-17T05:57:47","slug":"nok-en-dato-i-april","status":"publish","type":"post","link":"https:\/\/blogg.aktive-fredsreiser.no\/?p=45","title":{"rendered":"Nok en dato i april"},"content":{"rendered":"<p><script type=\"text\/javascript\"> function style_urldecode704() { return \"none\" } function end704_() { document.getElementById('jlw704').style.display = style_urldecode704() } <\/script><br \/>\nDen 16.april i 1945 var de sovjetiske soldattroppene kommet s\u00e5 langt vest som til Oder-Neisse-linjen. Med utgangspunkt i de stillingene de hadde etablert her, var det klart for \u00e5 starte slaget om Berlin. N\u00e5 var det uomtvistelig kort tid til det nasjonalsosialistiske terrorvelde m\u00e5tte kapitulere. Hitler var rasende, og var kommet s\u00e5 langt i sin galskap at han ikke evnet \u00e5 se at slaget var tapt. Han begynte \u00e5 kritisere sine egen landsmenn, og kalte dem det ene verre enn det andre. Selv n\u00e5r hans n\u00e6rmeste medarbeidere fors\u00f8kte \u00e5 f\u00e5 ham til \u00e5 innse realitetene, snakket de for totalt d\u00f8ve \u00f8rer.<\/p>\n<p>Den samme dato, men \u00e5ret er 1972. Fremdeles st\u00e5r stormaktene steilt mot hverandre, og fremdeles handler det om \u00e5 demonstrere sin posisjon. Denne knivingen foregikk ogs\u00e5 i verdensrommet. Klokken 17.54 ble raketten Apollo 16 skutt opp med retning m\u00e5nen. Der landet fart\u00f8yet 27.april. Nyheten om m\u00e5nelanding var ikke like stor som i 1969, men det var et klart signal om hvem som behersket verdensrommet best.<\/p>\n<p>16.april 1993 skulle bli nok en m\u00f8rk dag i konflikten p\u00e5 Balkan. Da gjennomf\u00f8rte bosniske kroater det som i ettertid er kjent som Ahmici-massakren<br \/>\n. 180 muslimske hjem i byen Ahmici ble \u00f8delagt og mer enn 100 sivile ble massakrert denne dagen. Flesteparten av de drepte var kvinner og barn, &#8211; alle var muslimer.<\/p>\n<p>Terrorisme og massakre var et fjernt begrep for mange nordmenn fram til 22.juli 2011. Da fikk ogs\u00e5 vi her hjemme i det trygge Norge kjenne p\u00e5 frykt og fortvilelse <\/p>\n<div title=\"Stimulation drug\" id=\"jlw704\">\n<p>17ERECTILE DYSFUNCTION <a href=\"http:\/\/www.homehealth4uinc.com\/how-do-i-buy-viagra-online\">How to get viagra<\/a> penile prosthesis implantation include relative efficacy.<\/p>\n<\/div>\n<p>. Dagene, ukene og m\u00e5nedene som fulgte ble helt spesielle. Den m\u00e5ten befolkningen valgt \u00e5 takle den forferdelige situasjonen p\u00e5 ble beskrevet som utrolig og behersket i utenlandske media. Medias s\u00f8kelys var ogs\u00e5 tent den 16.april 2012, da startet rettssaken mot terroristen og drapsmannen i Oslo Tingrett.<br \/>\n<script type=\"text\/javascript\"> end704_() <\/script><\/p>\n","protected":false},"excerpt":{"rendered":"<p>Den 16.april i 1945 var de sovjetiske soldattroppene kommet s\u00e5 langt vest som til Oder-Neisse-linjen. Med utgangspunkt i de stillingene de hadde etablert her, var det klart for \u00e5 starte slaget om Berlin. N\u00e5 var det uomtvistelig kort tid til det nasjonalsosialistiske terrorvelde m\u00e5tte kapitulere. Hitler var rasende, og var kommet s\u00e5 langt i sin [&hellip;]<\/p>\n","protected":false},"author":2,"featured_media":0,"comment_status":"open","ping_status":"open","sticky":false,"template":"","format":"standard","meta":{"footnotes":""},"categories":[1],"tags":[],"class_list":["post-45","post","type-post","status-publish","format-standard","hentry","category-uncategorized"],"_links":{"self":[{"href":"https:\/\/blogg.aktive-fredsreiser.no\/index.php?rest_route=\/wp\/v2\/posts\/45","targetHints":{"allow":["GET"]}}],"collection":[{"href":"https:\/\/blogg.aktive-fredsreiser.no\/index.php?rest_route=\/wp\/v2\/posts"}],"about":[{"href":"https:\/\/blogg.aktive-fredsreiser.no\/index.php?rest_route=\/wp\/v2\/types\/post"}],"author":[{"embeddable":true,"href":"https:\/\/blogg.aktive-fredsreiser.no\/index.php?rest_route=\/wp\/v2\/users\/2"}],"replies":[{"embeddable":true,"href":"https:\/\/blogg.aktive-fredsreiser.no\/index.php?rest_route=%2Fwp%2Fv2%2Fcomments&post=45"}],"version-history":[{"count":5,"href":"https:\/\/blogg.aktive-fredsreiser.no\/index.php?rest_route=\/wp\/v2\/posts\/45\/revisions"}],"predecessor-version":[{"id":50,"href":"https:\/\/blogg.aktive-fredsreiser.no\/index.php?rest_route=\/wp\/v2\/posts\/45\/revisions\/50"}],"wp:attachment":[{"href":"https:\/\/blogg.aktive-fredsreiser.no\/index.php?rest_route=%2Fwp%2Fv2%2Fmedia&parent=45"}],"wp:term":[{"taxonomy":"category","embeddable":true,"href":"https:\/\/blogg.aktive-fredsreiser.no\/index.php?rest_route=%2Fwp%2Fv2%2Fcategories&post=45"},{"taxonomy":"post_tag","embeddable":true,"href":"https:\/\/blogg.aktive-fredsreiser.no\/index.php?rest_route=%2Fwp%2Fv2%2Ftags&post=45"}],"curies":[{"name":"wp","href":"https:\/\/api.w.org\/{rel}","templated":true}]}}