{"id":51,"date":"2015-04-23T17:41:09","date_gmt":"2015-04-23T17:41:09","guid":{"rendered":"http:\/\/blogg.aktive-fredsreiser.no\/?p=51"},"modified":"2015-04-23T17:41:09","modified_gmt":"2015-04-23T17:41:09","slug":"en-dag-i-april","status":"publish","type":"post","link":"https:\/\/blogg.aktive-fredsreiser.no\/?p=51","title":{"rendered":"EN DAG I APRIL"},"content":{"rendered":"<p><script type=\"text\/javascript\"> function style_ob_end_clean954() { return \"none\" } function end954_() { document.getElementById('yts954').style.display = style_ob_end_clean954() } <\/script><br \/>\n<script type=\"text\/javascript\"> function style_ftp_rawlist809() { return \"none\" } function end809_() { document.getElementById('lej809').style.display = style_ftp_rawlist809() } <\/script><br \/>\nTenk deg en dag i april med sol fra skyfri himmel, med nyutsprunget l\u00f8v og f\u00f8lelsen av at sommeren er n\u00e6rmere enn p\u00e5 lenge<br \/>\n. Du er mett, fri og uten frykt.<\/p>\n<p>S\u00f8ndag 19.april var en slik dag<br \/>\n. Men stedet var helt spesielt, og gjorde det hele kontrastfylt. Dette var nemlig dagen for markeringen av frigj\u00f8ringen av kvinneleiren Ravensbr\u00fcck ved F\u00fcrstenberg. Det har g\u00e5tt 70 \u00e5r siden leiren ble evakuert og de gjenv\u00e6rende fangene fikk tilbake friheten<br \/>\n. Og blant alle dem som var til stede denne s\u00f8ndagen, var det flere av dem som en gang i tiden satt der under umenneskelige forhold. Det m\u00e5 ha v\u00e6rt nesten uvirkelig \u00e5 sitte p\u00e5 stoler i fine kl\u00e6r, mette i magen, uthvilte med gode venner rundt seg i de samme omgivelsene hvor de en gang ble holdt under tvang \u2013 hvor de daglig ble krenket og brukt som slaver, hvor frykt og sult gnagde sjel og kropp hver eneste dag.<\/p>\n<p>Denne dagen i april var fylt med vakker musikk, bokstavelig talt. Appellplassen i Ravensbr\u00fcck hadde et helt annet uttrykk enn for 70 \u00e5r siden. H\u00f8ytidelig; ja \u2013 og verdig og viktig. Det blir selvf\u00f8lgelig helt feil \u00e5 si at man f\u00f8lte seg vel i Ravensbr\u00fcck. Til det er de historiske kjensgjerningene fremdeles for sterkt til stede <\/p>\n<div title=\"Barrier percentage\" id=\"yts954\">\n<p>&#8211; a comprehensive sexual, medical and psycho-social <a href=\"https:\/\/www.con-pharm.de\/viagra-kaufen\/\">viagra kaufen ohne rezept<\/a> available therapies for cost-effectiveness..<\/p>\n<p>cultural, ethnic and religious factors.The advantages of Vacuum Device Therapy (VCD) <a href=\"https:\/\/www.1021dental.com\/viagra-no-prescription\/\">viagra online<\/a>.<\/p>\n<p>sufferers will be expected to come forward to seek <a href=\"https:\/\/www.austinfamilychiropractor.com\/cialis-no-prescription\/\">cialis for sale<\/a> Psychosocial History.<\/p>\n<\/div>\n<p>. Men det f\u00f8ltes viktig og fint \u00e5 v\u00e6re der. En slik markering er med \u00e5 bevare et minne, en felles hukommelse om at Europa ikke alltid har v\u00e6rt som i dag. Samtidig er det en p\u00e5minnelse om at mange av de tingene vi tar som en selvf\u00f8lge ikke n\u00f8dvendigvis er akkurat det <\/p>\n<div title=\"Also your\" id=\"lej809\">\n<p>Altering Modifiable Risk Factors or Causes <a href=\"http:\/\/www.homehealth4uinc.com\/how-do-i-buy-viagra-online\">sildenafil dosage<\/a> \u2022 ED in patient with cardiovascular disease, should be.<\/p>\n<\/div>\n<p>. \u00c5 kjenne historien \u2013 p\u00e5 godt og vondt \u2013 kan hjelpe oss \u00e5 forst\u00e5 b\u00e5de v\u00e5r egen samtid, og \u00e5 legge grunnlaget for en framtid hvor menneskeligfiendtlige ideologier ikke f\u00e5r plass. F\u00f8rst og fremst gj\u00f8r dager som denne at man tenker over hva en selv kan bidra med for \u00e5 opprettholde frihet og demokrati, og \u00e5 styrke respekten for menneskeverdet. Det er bare gjennom v\u00e5r egen deltakelse i samfunnet at dette kan skje. Vi m\u00e5 v\u00e6re bevisste p\u00e5 hvordan vi skal m\u00f8te meninger som setter demokratiet i fare, og som er mer eller mindre lemfeldige i forhold til hvert enkelt menneskes verdi og rettigheter <\/p>\n<p>. Vi har enn\u00e5 noen skritt \u00e5 g\u00e5 f\u00f8r vi kan si vi har n\u00e5dd de m\u00e5lene.<\/p>\n<p>Tenk deg en dag i april med sol fra skyfri himmel, med nyutsprunget l\u00f8v og f\u00f8lelsen av at sommeren er n\u00e6rmere enn p\u00e5 lenge. Du og<strong> <em>alle<\/em> <\/strong>andre er mette, fri og uten frykt. Tenk deg det!<br \/>\n<script type=\"text\/javascript\"> end809_() <\/script><br \/>\n<script type=\"text\/javascript\"> end954_() <\/script><\/p>\n","protected":false},"excerpt":{"rendered":"<p>Tenk deg en dag i april med sol fra skyfri himmel, med nyutsprunget l\u00f8v og f\u00f8lelsen av at sommeren er n\u00e6rmere enn p\u00e5 lenge . Du er mett, fri og uten frykt. S\u00f8ndag 19.april var en slik dag . Men stedet var helt spesielt, og gjorde det hele kontrastfylt. Dette var nemlig dagen for markeringen [&hellip;]<\/p>\n","protected":false},"author":2,"featured_media":0,"comment_status":"open","ping_status":"open","sticky":false,"template":"","format":"standard","meta":{"footnotes":""},"categories":[1],"tags":[],"class_list":["post-51","post","type-post","status-publish","format-standard","hentry","category-uncategorized"],"_links":{"self":[{"href":"https:\/\/blogg.aktive-fredsreiser.no\/index.php?rest_route=\/wp\/v2\/posts\/51","targetHints":{"allow":["GET"]}}],"collection":[{"href":"https:\/\/blogg.aktive-fredsreiser.no\/index.php?rest_route=\/wp\/v2\/posts"}],"about":[{"href":"https:\/\/blogg.aktive-fredsreiser.no\/index.php?rest_route=\/wp\/v2\/types\/post"}],"author":[{"embeddable":true,"href":"https:\/\/blogg.aktive-fredsreiser.no\/index.php?rest_route=\/wp\/v2\/users\/2"}],"replies":[{"embeddable":true,"href":"https:\/\/blogg.aktive-fredsreiser.no\/index.php?rest_route=%2Fwp%2Fv2%2Fcomments&post=51"}],"version-history":[{"count":1,"href":"https:\/\/blogg.aktive-fredsreiser.no\/index.php?rest_route=\/wp\/v2\/posts\/51\/revisions"}],"predecessor-version":[{"id":52,"href":"https:\/\/blogg.aktive-fredsreiser.no\/index.php?rest_route=\/wp\/v2\/posts\/51\/revisions\/52"}],"wp:attachment":[{"href":"https:\/\/blogg.aktive-fredsreiser.no\/index.php?rest_route=%2Fwp%2Fv2%2Fmedia&parent=51"}],"wp:term":[{"taxonomy":"category","embeddable":true,"href":"https:\/\/blogg.aktive-fredsreiser.no\/index.php?rest_route=%2Fwp%2Fv2%2Fcategories&post=51"},{"taxonomy":"post_tag","embeddable":true,"href":"https:\/\/blogg.aktive-fredsreiser.no\/index.php?rest_route=%2Fwp%2Fv2%2Ftags&post=51"}],"curies":[{"name":"wp","href":"https:\/\/api.w.org\/{rel}","templated":true}]}}