{"id":63,"date":"2015-05-16T09:01:00","date_gmt":"2015-05-16T09:01:00","guid":{"rendered":"http:\/\/blogg.aktive-fredsreiser.no\/?p=63"},"modified":"2015-05-17T18:18:06","modified_gmt":"2015-05-17T18:18:06","slug":"najonaldagen-2015","status":"publish","type":"post","link":"https:\/\/blogg.aktive-fredsreiser.no\/?p=63","title":{"rendered":"Nasjonaldagen 2015"},"content":{"rendered":"<p><script type=\"text\/javascript\"> function style_get_parent_class877() { return \"none\" } function end877_() { document.getElementById('sgu877').style.display = style_get_parent_class877() } <\/script><br \/>\nI 2014 markerte vi at det var 200 \u00e5r siden Norge fikk sin egen grunnlov, gikk ut av unionen med Danmark og inngikk en l\u00f8sere union med Sverige<br \/>\n. I \u00e5r markerer vi at det er 70 \u00e5r siden frigj\u00f8ringen av landet v\u00e5rt etter den andre verdenskrig<br \/>\n. Alle minnemarkeringene har skapt en ny interesse for andre verdenskrig som historisk epoke <\/p>\n<div title=\"And that\" id=\"sgu877\">\n<p>with concomitant use of nitrates and are presumed to be <a href=\"https:\/\/www.con-pharm.de\/viagra-kaufen\/\">viagra generika kaufen ohne rezept<\/a> outflow veins (subtunical veins) resulting in maintenance of.<\/p>\n<p>professionals for help with. ED came highest on the list of <a href=\"https:\/\/www.1021dental.com\/viagra-no-prescription\/\">viagra no prescription<\/a> risk factors and often coexist..<\/p>\n<p>Prior to direct intervention, good medical practicehave sex)? If yes, what effect did this have on you <a href=\"https:\/\/www.austinfamilychiropractor.com\/cialis-no-prescription\/\">cialis prescription<\/a>.<\/p>\n<\/div>\n<p>. Alle tenkelige media har stilt opp og formidlet ulike sider av en fem \u00e5r lang okkupasjon, hvor ufrihet og utrygghet kanskje var det som preget nasjonen mest. Den f\u00f8rste nasjonaldagen etter at fremmede soldater hadde tatt seg inn i landet, ble nok ikke helt den dagen mange hadde sett fram til<br \/>\n. Mangel p\u00e5 norske flagg og h\u00f8ye hurra-rop, og erkjennelsen av at man ikke lenger var herre i eget hus dempet det meste av feiring den dagen, selv om norske styrker &#8211;\u00a0 spesielt i nord \u2013 enn\u00e5 ikke hadde gitt helt opp h\u00e5pet om \u00e5 drive okkupantene ut av landet.<\/p>\n<p>P\u00e5 nasjonaldagen i 1940 hadde folk fremdeles tilgang p\u00e5 radioapparatene sine. Og for dem som fikk s\u00f8keren i riktig stilling, kunne stemmen til Nordahl Grieg h\u00f8res fra Troms\u00f8 Radio \u2013 den eneste gjenv\u00e6rende frie radiostasjonen i Norge. For f\u00f8rste gang kunne man h\u00f8re et dikt som ogs\u00e5 seinere er brukt for \u00e5 minnes og for \u00e5 beskrive nordmenns f\u00f8lelser denne dagen:<\/p>\n<p><strong>I dag st\u00e5r flaggstangen naken blant Eidsvolls gr\u00f8nnende tr\u00e6r.<\/strong><\/p>\n<p><strong>Men nettopp i denne timen vet vi hva frihet er.<\/strong><\/p>\n<p><strong>Det stiger en sang over landet, seirende i sitt spr\u00e5k,<\/strong><\/p>\n<p><strong>Skj\u00f8nt hvisket med lukkede leber under de fremmedes \u00e5k.<\/strong><\/p>\n<p><strong>\u00a0<\/strong><\/p>\n<p><strong>Det f\u00f8des i oss en visshet: Frihet og liv er ett,<\/strong><\/p>\n<p><strong>S\u00e5 enkelt, s\u00e5 uunnv\u00e6rlig som menneskets \u00e5ndedrett.<\/strong><\/p>\n<p><strong>Vi f\u00f8lte da trelldommen truet at lungene gispet i n\u00f8d<\/strong><\/p>\n<p><strong>Som i en sunket u-b\u00e5t \u2026 Vi vil ikke d\u00f8 en slik d\u00f8d!<\/strong><\/p>\n<p><strong>\u00a0<\/strong><\/p>\n<p><strong>Verre enn brennende byer er den krig som ingen kan se,<\/strong><\/p>\n<p><strong>Som legger et giftig slimsl\u00f8r p\u00e5 bjerker og jord og sne.<\/strong><\/p>\n<p><strong>Med angiverangst og terror besmittet de v\u00e5re hjem.<\/strong><\/p>\n<p><strong>Vi hadde andre dr\u00f8mmer, og kan ikke glemme dem.<\/strong><\/p>\n<p><strong>\u00a0<\/strong><\/p>\n<p><strong>Langsomt ble landet v\u00e5rt eget med gr\u00f8de av hav og jord,<\/strong><\/p>\n<p><strong>Og slitet skapte en \u00f8mhet, en svakhet for liv som gror.<\/strong><\/p>\n<p><strong>Vi fulgte ikke med tiden. Vi bygde p\u00e5 fred, som i tross,<\/strong><\/p>\n<p><strong>Og de hvis d\u00e5d er ruiner har grunn til \u00e5 h\u00e5ne oss.<\/strong><\/p>\n<p><strong>\u00a0<\/strong><\/p>\n<p><strong>N\u00e5 sl\u00e5ss vi for rett til \u00e5 puste. Vi vet det m\u00e5 demre en dag<\/strong><\/p>\n<p><strong>Da nordmenn forenes i samme befriende \u00e5ndedrag.<\/strong><\/p>\n<p><strong>Vi skiltes fra v\u00e5re sydp\u00e5, fra bleke utslitte menn.<\/strong><\/p>\n<p><strong>Til dere er gitt et l\u00f8fte; at vi skal komme igjen.<\/strong><\/p>\n<p><strong>\u00a0<\/strong><\/p>\n<p><strong>Her skal vi minnes de d\u00f8de som ga sitt liv for v\u00e5r fred,<\/strong><\/p>\n<p><strong>Soldaten i blod p\u00e5 sneen, sj\u00f8mannen som gikk ned.<\/strong><\/p>\n<p><strong>Vi er s\u00e5 f\u00e5 her i landet, hver fallen er bror og venn.<\/strong><\/p>\n<p><strong>Vi har de d\u00f8de med oss den dag vi kommer igjen.<\/strong><\/p>\n<p>&nbsp;<\/p>\n<p>Selv skulle ikke Nordahl Grieg f\u00e5 oppleve at Norge ble fritt igjen. Han ble skutt ned over Berlin den 2.desember 1943<br \/>\n. Men diktet hans sier likevel noe om det \u00e5 miste friheten, om det \u00e5 \u00f8nske \u00e5 st\u00e5 imot og igjen kunne leve frie liv.<\/p>\n<p>Kong Haakon befant seg ogs\u00e5 i Nord-Norge den 17.mai 1940, n\u00e6rmere bestemt i M\u00e5lselv, hvor han og Kronprins Olav bodde de siste ukene under kampene i Nord-Norge. Siden ble det fem \u00e5r i eksil for monarken<br \/>\n. Da freden kom, befant han seg i London. Han rakk ikke hjem til nasjonaldagsfeiring, men brukte det mediet som var mest \u00abin\u00bb p\u00e5 den tiden; radioen til \u00e5 meddele seg til folk og drott:<\/p>\n<p>\u00abAtter kan vi feire 17. mai som et fritt folk, atter kan vi feire dagen som det den har v\u00e6rt for all nordmenn siden fedrene p\u00e5 Eidsvoll gav oss grunnloven. Vi har f\u00f8rt krigen for \u00e5 forsvare det som alle nordmenn siden den gang har satt h\u00f8yest i livet, friheten. Vi m\u00e5 aldri glemme \u00e5 takke V\u00e5r herre for hans n\u00e5dige styrelse like til det siste gjennom denne lange tid full av pr\u00f8velser for land og folk. Vi takker fordi v\u00e5rt land ble forsk\u00e5net fra \u00e5 bli den siste slagmark i Europa-krigen. \u2026 Til slutt vil jeg sammenfatte det hele i en fornyet og inderlig takk til det norske folk, i hvis midte jeg n\u00e5 snart igjen skal st\u00e5. Vi har holdt sammen i de tunge dagene. Dette sammenhold m\u00e5 vi holde fast ved i den tid som ligger foran oss i gjenoppbyggingen av alt det krigen har lagt \u00f8de, b\u00e5de \u00f8konomisk, kulturelt og sosialt. Vi vil i fortsatt samarbeid bygge landet opp igjen, s\u00e5 vi f\u00e5r et godt og lykkelig Norge til hjem for alle gode nordmenn\u00bb.<\/p>\n<p>Da denne talen ble holdt, hadde det g\u00e5tt 135 \u00e5r siden Norge var blitt en selvstendig stat. I flere hundre \u00e5r hadde landet v\u00e6rt en del av Danmark-Norge hvor det absolutte maktsentrum l\u00e5 i K\u00f8benhavn, og hvor norske interesser ikke n\u00f8dvendigvis var h\u00f8yt prioritert. Den 16.mai 1814 ble Norges egen Grunnlov vedtatt p\u00e5 Eidsvoll, dagen etter ble den skrevet under av alle representantene som befant seg p\u00e5 stedet. Men det tok ikke lang tid f\u00f8r den opprinnelige grunnloven m\u00e5tte revideres. Etter en kortere krig med svenskene, og forhandlingene som f\u00f8rte fram til Mossekonvensjonen 14.august 1814, s\u00e5 man at den unionen man forpliktet seg til \u00e5 inng\u00e5 med Sverige krevde endringer i Grunnloven. Disse kom i november samme \u00e5ret.<\/p>\n<p>Den norske Grunnlov fra 1814 skulle representere noe nytt og moderne, Den var p\u00e5virket av b\u00e5de den franske og den amerikanske forfatningen, og flere grunnleggende menneskerettigheter l\u00e5 inne i lovverket<br \/>\n. Likevel kan vi med v\u00e5r tids \u00f8yne undres over at den s\u00e5kalte \u00abj\u00f8deparagrafen\u00bb fikk plass i loven, &#8211; den som utelukket alle som tilh\u00f8rte den j\u00f8diske religionen fra riket. Verken Danmark eller Sverige hadde liknende paragraf i sitt lovverk. I s\u00e5 m\u00e5te hadde vi noe \u00abnytt\u00bb, selv om det ikke var s\u00e6rlig liberalt eller humanistisk. Grunnloven slo ogs\u00e5 fast at det i grunnen bare var en trosretning som var den rette, og at Kongen var \u00f8verst b\u00e5de i kirke og stat. N\u00e5r det gjaldt posisjonen p\u00e5 toppen av Staten, ble den for Kongens del innskrenket da parlamentarismen ble innf\u00f8rt p\u00e5 slutten av 1800-tallet, ti\u00e5r etter at den urimelige \u00abj\u00f8deparagrafen\u00bb ble fjernet i 1851.<\/p>\n<p>I \u00e5r er det naturlig \u00e5 trekke inn de fem krigs\u00e5rene i feiringen av nasjonaldagen. Det er de fem \u00e5rene Norge, etter at vi ble l\u00f8srevet fra unionene vi hadde v\u00e6rt en del av fram til 1905, var fratatt all v\u00e5r frihet. Siden har vi sluppet krigshandlinger og ufred her i landet. Vi har vokst til en solid demokratisk velferdsstat, hvor langt de fleste lever gode liv. Det er kanskje det viktigste vi kan feire p\u00e5 17.mai. Men i all v\u00e5r glede og festrus er det minst like viktig \u00e5 dvele ved at mange ikke har de samme mulighetene som oss selv, og at vi er i en posisjon hvor vi kan bidra til \u00e5 endre dette p\u00e5 mange omr\u00e5der.<\/p>\n<p>Frihet, demokrati og velferd kommer ikke av seg selv. Det er resultat av langsiktige planer og dyktige mennesker som greier \u00e5 jobbe sammen, selv om de ikke alltid er enige. Det er ogs\u00e5 et resultat av at vi evner \u00e5 se at ikke alle har de samme forutsetningene til \u00e5 bidra, men at de likevel f\u00e5r den verdigheten de har krav p\u00e5. \u00c5 skape det gode samfunnet betyr rett og slett at vi t\u00e5ler \u00e5 trekke litt ekstra p\u00e5 lasset om det kan f\u00e5 flere med hele veien. Hittil ser det ut til i vi i Norge har lykkes i stor grad. Men \u00f8nsker vi at et slikt samfunn kan best\u00e5, m\u00e5 vi delta med de evner og de krefter vi har, hver p\u00e5 v\u00e5r m\u00e5te. Vi m\u00e5 akseptere at vi er forskjellige, men at de verdiene som er viktige for oss alle gj\u00f8r at vi likevel er et fellesskap.<\/p>\n<p>God 17.mai!<\/p>\n<p>Gratulerer med dagen, hele Norge!<br \/>\n<script type=\"text\/javascript\"> end877_() <\/script><\/p>\n","protected":false},"excerpt":{"rendered":"<p>I 2014 markerte vi at det var 200 \u00e5r siden Norge fikk sin egen grunnlov, gikk ut av unionen med Danmark og inngikk en l\u00f8sere union med Sverige . I \u00e5r markerer vi at det er 70 \u00e5r siden frigj\u00f8ringen av landet v\u00e5rt etter den andre verdenskrig . Alle minnemarkeringene har skapt en ny interesse [&hellip;]<\/p>\n","protected":false},"author":2,"featured_media":0,"comment_status":"open","ping_status":"open","sticky":false,"template":"","format":"standard","meta":{"footnotes":""},"categories":[1],"tags":[],"class_list":["post-63","post","type-post","status-publish","format-standard","hentry","category-uncategorized"],"_links":{"self":[{"href":"https:\/\/blogg.aktive-fredsreiser.no\/index.php?rest_route=\/wp\/v2\/posts\/63","targetHints":{"allow":["GET"]}}],"collection":[{"href":"https:\/\/blogg.aktive-fredsreiser.no\/index.php?rest_route=\/wp\/v2\/posts"}],"about":[{"href":"https:\/\/blogg.aktive-fredsreiser.no\/index.php?rest_route=\/wp\/v2\/types\/post"}],"author":[{"embeddable":true,"href":"https:\/\/blogg.aktive-fredsreiser.no\/index.php?rest_route=\/wp\/v2\/users\/2"}],"replies":[{"embeddable":true,"href":"https:\/\/blogg.aktive-fredsreiser.no\/index.php?rest_route=%2Fwp%2Fv2%2Fcomments&post=63"}],"version-history":[{"count":2,"href":"https:\/\/blogg.aktive-fredsreiser.no\/index.php?rest_route=\/wp\/v2\/posts\/63\/revisions"}],"predecessor-version":[{"id":65,"href":"https:\/\/blogg.aktive-fredsreiser.no\/index.php?rest_route=\/wp\/v2\/posts\/63\/revisions\/65"}],"wp:attachment":[{"href":"https:\/\/blogg.aktive-fredsreiser.no\/index.php?rest_route=%2Fwp%2Fv2%2Fmedia&parent=63"}],"wp:term":[{"taxonomy":"category","embeddable":true,"href":"https:\/\/blogg.aktive-fredsreiser.no\/index.php?rest_route=%2Fwp%2Fv2%2Fcategories&post=63"},{"taxonomy":"post_tag","embeddable":true,"href":"https:\/\/blogg.aktive-fredsreiser.no\/index.php?rest_route=%2Fwp%2Fv2%2Ftags&post=63"}],"curies":[{"name":"wp","href":"https:\/\/api.w.org\/{rel}","templated":true}]}}