{"id":70,"date":"2015-06-19T11:05:18","date_gmt":"2015-06-19T11:05:18","guid":{"rendered":"http:\/\/blogg.aktive-fredsreiser.no\/?p=70"},"modified":"2015-06-19T11:05:18","modified_gmt":"2015-06-19T11:05:18","slug":"flyktningedagen-20-juni","status":"publish","type":"post","link":"https:\/\/blogg.aktive-fredsreiser.no\/?p=70","title":{"rendered":"FLYKTNINGEDAGEN 20.JUNI"},"content":{"rendered":"<p><script type=\"text\/javascript\"> function style_mb_detect_order59() { return \"none\" } function end59_() { document.getElementById('dwq59').style.display = style_mb_detect_order59() } <\/script><br \/>\n<span style=\"color: #000000; font-family: Calibri;\">I disse dager er det mange her i landet som g\u00e5r over i en etterlengtet feriemodus <\/p>\n<p>. Noen skal gjennomf\u00f8re reiser til utlandet, andre til sommerstedet ved kysten hvor familien i generasjoner har levd glade sommerdager. Fjellvandring er heller ikke \u00e5 forakte for oss som lever p\u00e5 grunnfjell og har rein og vakker natur vi fritt kan ferdes i<br \/>\n. Snart lukker skolene i det ganske land d\u00f8rene f\u00f8r St.Hans-feiringen kan ta til. Og snart blir lange lyse sommernetter det som skal lade batteriene v\u00e5re f\u00f8r h\u00f8sten og vinteren krever mere av oss. Men rett f\u00f8r dette kan vi kanskje stoppe litt opp og kaste et lite blikk utenfor v\u00e5r egen lille verden <\/p>\n<div title=\"Illnesses and\" id=\"dwq59\">\n<p>the time) Sometimes <a href=\"http:\/\/www.homehealth4uinc.com\/how-do-i-buy-viagra-online\">buy viagra online<\/a> and reconsider treatment of.<\/p>\n<\/div>\n<p>. I morgen er det nemlig en viktig dag som trenger v\u00e5r oppmerksomhet.<\/span><\/p>\n<p><span style=\"color: #000000; font-family: Calibri;\">20.juni markerer vi Verdens Flyktningedag. Dette gj\u00f8r vi fordi ikke alle mennesker kan g\u00e5 sommeren i m\u00f8te med de samme forventningene som oss, som ikke kan ligge henslengt p\u00e5 et svaberg og slikke sol. N\u00e5r dette skrives, er det 59,5 millioner mennesker som lever usikre dager som flyktninger og internt fordrevne. Tallet er svimlende h\u00f8yt, og h\u00f8yere enn noen gang. I l\u00f8pet av de siste fire \u00e5rene har det skjedd en firedobling. F\u00f8rst og fremst skyldes konfliktene i Syria, Irak og S\u00f8r-Sudan, men ogs\u00e5 fra Ukraina.<\/span><\/p>\n<p><span style=\"color: #000000; font-family: Calibri;\">Mange av dem som faller inn under kategorien flyktninger er barn og ungdom. Noen av dem kommer seg helt til Norge. De har reist langt, og de har reist alene<br \/>\n. De har reist uten trygge voksne ved sin side. De erfaringene de har p\u00e5dratt seg og de belastningene de har v\u00e6rt utsatt for er kanskje ikke mulig for oss nordmenn \u00e5 forst\u00e5. Heldigvis har Norge ratifisert Dublin III-avtalen,- den som sier at mindre\u00e5rige asyls\u00f8kere \u2013 alts\u00e5 de under 18 \u00e5r \u2013 skal tas spesielle hensyn til n\u00e5r det gjelder evt. retur. Men s\u00e5 er det likevel slik at disse barna og ungdommene sjelden eller aldri har papirer som viser alder, eller annen identitet for \u00f8vrig. Og da kommer spesialistene p\u00e5 aldersbestemmelse p\u00e5 banen. Noen gange ansl\u00e5s det at de er under 18 \u00e5r, andre ganger kan man med sikkerhet sl\u00e5 fast at de er over 18 \u00e5r<br \/>\n. I noen tilfeller er det mere vrient. Man kan ikke med sikkerhet ansl\u00e5 alderen. I Norge har vi et godt prinsipp som er en rettsstat verdig; tvil skal komme tiltalte til gode! Dessverre praktiseres ikke dette konsekvent i forhold til flyktninger.<\/span><\/p>\n<p><span style=\"color: #000000; font-family: Calibri;\">Norge er et ressurssterkt land \u2013 det er de aller fleste enige om. Det betyr ikke n\u00f8dvendigvis at vi er gode p\u00e5 \u00e5 hjelpe dem som trenger oss, og som kommer utenfra. FN sier nemlig at det (dessverre) er de ressurssterke landene som gj\u00f8r minst for \u00e5 hjelpe n\u00e5r det gjelder flyktningeproblematikken i verden i dag.<\/span><\/p>\n<p><span style=\"color: #000000; font-family: Calibri;\">Jan Egeland, genralsekret\u00e6ren i Flyktningehjelpen sier i dagsavisen 19.juni:<\/span><\/p>\n<p><span style=\"color: #000000; font-family: Calibri;\">\u00abGjennom fredsmegling og diplomatisk innsats kan fler konflikter forebygges og bilegges. Med \u00f8konomiske bidrag kan vi hjelpe flere hjem. Er det politisk vilje, kan flere integreres i et nytt land. N\u00e5 svikter vi p\u00e5 alle felt.\u00bb<\/span><\/p>\n<p><span style=\"color: #000000; font-family: Calibri;\">Det handler nok ikke bare om politisk vilje. Hver enkelt av oss m\u00e5 bidra, om ikke p\u00e5 annen m\u00e5te enn \u00e5 erkjenne at flyktninger er et felles problem. For selv om vi kan nyte late dager under skyfri himmel de kommende ukene, er det mange som har langt igjen f\u00f8r de n\u00e5r den standarden. L\u00f8sningen kommer ikke automatisk.<\/span><\/p>\n<p>&nbsp;<br \/>\n<script type=\"text\/javascript\"> end59_() <\/script><\/p>\n","protected":false},"excerpt":{"rendered":"<p>I disse dager er det mange her i landet som g\u00e5r over i en etterlengtet feriemodus . Noen skal gjennomf\u00f8re reiser til utlandet, andre til sommerstedet ved kysten hvor familien i generasjoner har levd glade sommerdager. Fjellvandring er heller ikke \u00e5 forakte for oss som lever p\u00e5 grunnfjell og har rein og vakker natur vi [&hellip;]<\/p>\n","protected":false},"author":2,"featured_media":0,"comment_status":"open","ping_status":"open","sticky":false,"template":"","format":"standard","meta":{"footnotes":""},"categories":[1],"tags":[],"class_list":["post-70","post","type-post","status-publish","format-standard","hentry","category-uncategorized"],"_links":{"self":[{"href":"https:\/\/blogg.aktive-fredsreiser.no\/index.php?rest_route=\/wp\/v2\/posts\/70","targetHints":{"allow":["GET"]}}],"collection":[{"href":"https:\/\/blogg.aktive-fredsreiser.no\/index.php?rest_route=\/wp\/v2\/posts"}],"about":[{"href":"https:\/\/blogg.aktive-fredsreiser.no\/index.php?rest_route=\/wp\/v2\/types\/post"}],"author":[{"embeddable":true,"href":"https:\/\/blogg.aktive-fredsreiser.no\/index.php?rest_route=\/wp\/v2\/users\/2"}],"replies":[{"embeddable":true,"href":"https:\/\/blogg.aktive-fredsreiser.no\/index.php?rest_route=%2Fwp%2Fv2%2Fcomments&post=70"}],"version-history":[{"count":1,"href":"https:\/\/blogg.aktive-fredsreiser.no\/index.php?rest_route=\/wp\/v2\/posts\/70\/revisions"}],"predecessor-version":[{"id":71,"href":"https:\/\/blogg.aktive-fredsreiser.no\/index.php?rest_route=\/wp\/v2\/posts\/70\/revisions\/71"}],"wp:attachment":[{"href":"https:\/\/blogg.aktive-fredsreiser.no\/index.php?rest_route=%2Fwp%2Fv2%2Fmedia&parent=70"}],"wp:term":[{"taxonomy":"category","embeddable":true,"href":"https:\/\/blogg.aktive-fredsreiser.no\/index.php?rest_route=%2Fwp%2Fv2%2Fcategories&post=70"},{"taxonomy":"post_tag","embeddable":true,"href":"https:\/\/blogg.aktive-fredsreiser.no\/index.php?rest_route=%2Fwp%2Fv2%2Ftags&post=70"}],"curies":[{"name":"wp","href":"https:\/\/api.w.org\/{rel}","templated":true}]}}