{"id":89,"date":"2015-10-31T09:23:42","date_gmt":"2015-10-31T09:23:42","guid":{"rendered":"http:\/\/blogg.aktive-fredsreiser.no\/?p=89"},"modified":"2015-10-31T09:23:42","modified_gmt":"2015-10-31T09:23:42","slug":"historie-skrives-i-dag","status":"publish","type":"post","link":"https:\/\/blogg.aktive-fredsreiser.no\/?p=89","title":{"rendered":"HISTORIE SKRIVES I DAG"},"content":{"rendered":"<p><span style=\"color: #000000; font-family: Cambria;\">N\u00e5r dette skrives er det hundrevis, ja \u2013 tusenvis av mennesker p\u00e5 flukt fra det stedet de kanskje aller helst vil v\u00e6re <\/p>\n<p>. Men fordi kriger og konflikter gj\u00f8r deres hjemsted til et umulig sted \u00e5 v\u00e6re, legger de ut p\u00e5 flukt for om mulig \u00e5 ta seg fram til et tryggere sted<br \/>\n. Ogs\u00e5 vi i Norge f\u00e5r kjenne p\u00e5 det i disse dager. De som skal ta vare p\u00e5 dem i det de krysser grensen til Norge har mye \u00e5 gj\u00f8re om dagen. Men s\u00e5 er det ikke bare mottaksapparatet som skal bidra. Hver enkelt av oss m\u00e5 delta. Det kommer mange nye mennesker innenfor v\u00e5re grenser, og vi skal ta dem godt imot. For at de raskest mulig skal kunne fungere i v\u00e5rt samfunn, at de skal kunne ta livene sine tilbake og i bruk, er det vi som m\u00e5 \u00e5pne d\u00f8rene.<\/span><\/p>\n<p><span style=\"color: #000000; font-family: Cambria;\">\u00a0<\/span><span style=\"color: #000000; font-family: Cambria;\">Norge er et lite land hva innbyggertall ang\u00e5r. Vi m\u00e5 ikke se p\u00e5 det som en katastrofe for oss selv om mennesker kommer hit for \u00e5 s\u00f8ke beskyttelse. Vi m\u00e5 se det som et privilegium, at vi b\u00e5de har \u00f8konomiske og menneskelige ressurser til \u00e5 hjelpe dem som har levet deler av eller hele livet under helt andre forutsetninger enn oss selv. Det er ikke s\u00e5 mange ti\u00e5rene siden nordmenn selv hadde behov for beskyttelse. Under andre verdenskrig stilte Sverige opp for tusenvis av nordmenn, samtidig som v\u00e5re landsmenn i den nordligste delen av landet ble gjort til interne flyktninger da hjemmene deres ble brent ned av okkupasjonsmakten. Heldigvis for oss er dette forgangen historie.<\/span><\/p>\n<p><span style=\"color: #000000; font-family: Cambria;\">\u00a0<\/span><span style=\"color: #000000; font-family: Cambria;\">V\u00e5re folkevalgte politikere har f\u00e5tt en oppgave som garantert gir mye hodebry i disse dager. Landet v\u00e5rt var ikke forberedt p\u00e5 den flyktningestr\u00f8mmen vi opplever. Men at de \u2013 politikerne &#8211; tar oppgaven p\u00e5 st\u00f8rste alvor, det er det ingen som skal v\u00e6re i tvil om. Det betyr imidlertid ikke at det er r\u00f8rende enighet i v\u00e5rt samfunn om hvordan vi skal l\u00f8se de utfordringene flyktninger byr oss. Debatten g\u00e5r daglig p\u00e5 arbeidsplasser, i hjemmene v\u00e5re og ikke minst i media. Dessverre opplever vi at debatten i noen sammenhenger sporer av, og hvor debattsidene til mange av v\u00e5re aviser fylles opp av en ordbruk og situasjonsbeskrivelse som ikke er Norge verdig.<\/span><\/p>\n<p><span style=\"color: #000000; font-family: Cambria;\">\u00a0<\/span><span style=\"color: #000000; font-family: Cambria;\">I aviser og i TV h\u00f8rer vi om v\u00e5rt naboland, Sverige hvor flyktningmottak blir satt i brann<br \/>\n. Det er en debattform som er fullstendig uakseptabel. De som velger \u00e5 g\u00e5 til slike ytringer er mennesker som antakelig ikke vil delta i en sivilisert debatt, og som velger de samme midlene som dem som lager flyktningestr\u00f8mmer i v\u00e5r tid. Brannstiftere er kriminelle, udemokratiske og menneskefiendtlige. Det synet de fremmer gjennom sine gjerninger forteller mye om det samfunnet de \u00f8nsker \u00e5 skape. Vi andre m\u00e5 st\u00e5 sammen og vise en helt annen vei inn i framtiden. De som tyr til kriminelle handlinger i sine ytringer gj\u00f8r ikke annet enn \u00e5 spre frykt<br \/>\n. Det de holder p\u00e5 med er terrorisme! I et demokratisk samfunn er det engang slik at flertallet f\u00e5r sakene sine igjennom<br \/>\n. Om man f\u00e5r mye omtale for ekstreme ytringer og handlinger betyr det ikke at de har rett. Heldigvis ser det ut til at vi i Norge har et flertall for en human behandling av dem som kommer hit, selv om vi kanskje ikke umiddelbart f\u00e5r l\u00f8st utfordringene p\u00e5 en optimal m\u00e5te.<\/span><\/p>\n<p><span style=\"color: #000000; font-family: Cambria;\">\u00a0<\/span><span style=\"color: #000000; font-family: Cambria;\">Medias bilde av dagens situasjon er h\u00f8yst varierende. Den fjerde statsmakt, som pressen gjerne blir kalt, er i stadig jakt p\u00e5 salgbare oppslag. Men de skal ikke bare formidle sensasjonene, de skal ogs\u00e5 v\u00e6re kritiske og korrigerende. I flere av debattene rundt flyktningsp\u00f8rsm\u00e5let holder de ikke alltid hodet kaldt. Ved flere anledninger lar de det passere om politikere kaller flyktninger for innvandrere. Det er ikke akseptabelt. Innvandrer og flyktning er to forskjellige ting. \u00c5 kalle en flyktning for innvandrer, ufarliggj\u00f8r den situasjonen personen faktisk befinner seg i. Her har enhver debattleder eller journalist fremdeles en jobb \u00e5 gj\u00f8re.<\/span><\/p>\n<p><span style=\"color: #000000; font-family: Cambria;\">\u00a0<\/span><span style=\"color: #000000; font-family: Cambria;\">M\u00e5ten vi tar imot flyktninger p\u00e5, holdningene vi m\u00f8ter dem og deres situasjon med sier mye om oss som mennesker. Det vi gj\u00f8r i dag, er det som danner grunnlaget for historien som skal skrives om oss. Det er v\u00e5re gjerninger i dag som skal danne grunnlaget for den vurderingen v\u00e5re etterkommere kommer til \u00e5 gj\u00f8re av oss. Holder vi tunga rett i munnen og behandler mennesker slik mennesker skal behandles, vil v\u00e5rt etterm\u00e6le kanskje bli v\u00e5r stolthet.<\/span><\/p>\n<p>&nbsp;<\/p>\n","protected":false},"excerpt":{"rendered":"<p>N\u00e5r dette skrives er det hundrevis, ja \u2013 tusenvis av mennesker p\u00e5 flukt fra det stedet de kanskje aller helst vil v\u00e6re . Men fordi kriger og konflikter gj\u00f8r deres hjemsted til et umulig sted \u00e5 v\u00e6re, legger de ut p\u00e5 flukt for om mulig \u00e5 ta seg fram til et tryggere sted . Ogs\u00e5 [&hellip;]<\/p>\n","protected":false},"author":2,"featured_media":0,"comment_status":"open","ping_status":"open","sticky":false,"template":"","format":"standard","meta":{"footnotes":""},"categories":[1],"tags":[],"class_list":["post-89","post","type-post","status-publish","format-standard","hentry","category-uncategorized"],"_links":{"self":[{"href":"https:\/\/blogg.aktive-fredsreiser.no\/index.php?rest_route=\/wp\/v2\/posts\/89","targetHints":{"allow":["GET"]}}],"collection":[{"href":"https:\/\/blogg.aktive-fredsreiser.no\/index.php?rest_route=\/wp\/v2\/posts"}],"about":[{"href":"https:\/\/blogg.aktive-fredsreiser.no\/index.php?rest_route=\/wp\/v2\/types\/post"}],"author":[{"embeddable":true,"href":"https:\/\/blogg.aktive-fredsreiser.no\/index.php?rest_route=\/wp\/v2\/users\/2"}],"replies":[{"embeddable":true,"href":"https:\/\/blogg.aktive-fredsreiser.no\/index.php?rest_route=%2Fwp%2Fv2%2Fcomments&post=89"}],"version-history":[{"count":1,"href":"https:\/\/blogg.aktive-fredsreiser.no\/index.php?rest_route=\/wp\/v2\/posts\/89\/revisions"}],"predecessor-version":[{"id":90,"href":"https:\/\/blogg.aktive-fredsreiser.no\/index.php?rest_route=\/wp\/v2\/posts\/89\/revisions\/90"}],"wp:attachment":[{"href":"https:\/\/blogg.aktive-fredsreiser.no\/index.php?rest_route=%2Fwp%2Fv2%2Fmedia&parent=89"}],"wp:term":[{"taxonomy":"category","embeddable":true,"href":"https:\/\/blogg.aktive-fredsreiser.no\/index.php?rest_route=%2Fwp%2Fv2%2Fcategories&post=89"},{"taxonomy":"post_tag","embeddable":true,"href":"https:\/\/blogg.aktive-fredsreiser.no\/index.php?rest_route=%2Fwp%2Fv2%2Ftags&post=89"}],"curies":[{"name":"wp","href":"https:\/\/api.w.org\/{rel}","templated":true}]}}